{"id":74728,"date":"2025-10-13T16:19:07","date_gmt":"2025-10-13T14:19:07","guid":{"rendered":"https:\/\/www.deos-ag.com\/?post_type=news&#038;p=74728"},"modified":"2025-10-13T16:19:07","modified_gmt":"2025-10-13T14:19:07","slug":"regio-rcx-jetzt-auch-in-schwarz-erhaeltlich","status":"publish","type":"news","link":"https:\/\/www.deos-ag.com\/de\/news\/regio-rcx-jetzt-auch-in-schwarz-erhaeltlich\/","title":{"rendered":"Regio RCX \u2013 jetzt auch in Schwarz erh\u00e4ltlich"},"content":{"rendered":"<p>[et_pb_section fb_built=&#8220;1&#8243; _builder_version=&#8220;4.27.4&#8243; _module_preset=&#8220;default&#8220; background_color=&#8220;#F2F2F2&#8243; global_colors_info=&#8220;{}&#8220; theme_builder_area=&#8220;post_content&#8220;][et_pb_row _builder_version=&#8220;4.27.4&#8243; _module_preset=&#8220;default&#8220; hover_enabled=&#8220;0&#8243; global_colors_info=&#8220;{}&#8220; theme_builder_area=&#8220;post_content&#8220; sticky_enabled=&#8220;0&#8243; custom_margin=&#8220;||50px||false|false&#8220;][et_pb_column type=&#8220;4_4&#8243; _builder_version=&#8220;4.27.4&#8243; _module_preset=&#8220;default&#8220; global_colors_info=&#8220;{}&#8220; theme_builder_area=&#8220;post_content&#8220;][et_pb_text _builder_version=&#8220;4.27.4&#8243; _module_preset=&#8220;default&#8220; hover_enabled=&#8220;0&#8243; global_colors_info=&#8220;{}&#8220; theme_builder_area=&#8220;post_content&#8220; sticky_enabled=&#8220;0&#8243;]<\/p>\n<h2><strong data-start=\"150\" data-end=\"220\">Wenn Design auf Funktion trifft \u2013 der neue Regio RCX Black ist da.<\/strong><\/h2>\n<p data-start=\"272\" data-end=\"760\">Seit seiner Einf\u00fchrung im Jahr 2024 hat der Raumregler <strong data-start=\"327\" data-end=\"340\">Regio RCX<\/strong> von Regin durch sein modernes Design und seine hohe Funktionalit\u00e4t gro\u00dfe Aufmerksamkeit erlangt. In diesem Fr\u00fchjahr wurde er mit dem <strong data-start=\"474\" data-end=\"498\">Red Dot Design Award<\/strong> f\u00fcr herausragendes Produktdesign ausgezeichnet. Nun erweitert Regin das Produktsortiment: Der beliebte Raumregler ist ab sofort auch in <strong data-start=\"635\" data-end=\"646\">Schwarz<\/strong> erh\u00e4ltlich \u2013 als Antwort auf die steigende Nachfrage nach stilvollen und designorientierten Steuerungsl\u00f6sungen.<\/p>\n<p data-start=\"762\" data-end=\"1245\">Mit der neuen Variante <strong data-start=\"785\" data-end=\"804\">Regio RCX Black<\/strong> pr\u00e4sentiert Regin denselben klaren Aufbau, die reduzierte Benutzeroberfl\u00e4che und das charakteristische, transparente LED-Display des Originals \u2013 nun in einer eleganten, dunklen Ausf\u00fchrung. Der Regio RCX z\u00e4hlt zu den beliebtesten Produkten von Regin und \u00fcberzeugt durch seine einfache Inbetriebnahme und Bedienung. So erm\u00f6glicht er eine <strong data-start=\"1141\" data-end=\"1178\">bedarfsgerechte Raumklimaregelung<\/strong> in zonenbasierten Umgebungen \u2013 effizient und benutzerfreundlich.<\/p>\n<p>[\/et_pb_text][\/et_pb_column][\/et_pb_row][et_pb_row _builder_version=&#8220;4.27.4&#8243; _module_preset=&#8220;default&#8220; theme_builder_area=&#8220;post_content&#8220; column_structure=&#8220;3_5,2_5&#8243; hover_enabled=&#8220;0&#8243; sticky_enabled=&#8220;0&#8243;][et_pb_column _builder_version=&#8220;4.27.4&#8243; _module_preset=&#8220;default&#8220; type=&#8220;3_5&#8243; theme_builder_area=&#8220;post_content&#8220;][et_pb_text _builder_version=&#8220;4.27.4&#8243; _module_preset=&#8220;default&#8220; theme_builder_area=&#8220;post_content&#8220; hover_enabled=&#8220;0&#8243; sticky_enabled=&#8220;0&#8243;]<\/p>\n<p data-start=\"1247\" data-end=\"1698\">Dank seines dezenten Erscheinungsbilds f\u00fcgt sich der Regio RCX harmonisch in jedes Raumkonzept ein. Die neue schwarze Variante bietet zus\u00e4tzliche Gestaltungsspielr\u00e4ume \u2013 ideal f\u00fcr <strong data-start=\"1427\" data-end=\"1469\">B\u00fcros, Konferenzr\u00e4ume oder Hotelzimmer<\/strong>, in denen dunkle Bedienelemente f\u00fcr ein modernes, einheitliches Interieur sorgen. Durch den Verzicht auf einen klassischen Touchscreen ist das Ger\u00e4t zudem besonders <strong data-start=\"1635\" data-end=\"1695\">pflegeleicht und unempfindlich gegen\u00fcber Fingerabdr\u00fccken<\/strong>.<\/p>\n<blockquote>\n<p data-start=\"1700\" data-end=\"2079\">\u201eDer <strong data-start=\"1705\" data-end=\"1724\">Regio RCX Black<\/strong> erg\u00e4nzt unsere erfolgreiche wei\u00dfe Variante und schafft mehr Flexibilit\u00e4t f\u00fcr Architekten, Planer und Integratoren. Mit der neuen Farboption bieten wir die M\u00f6glichkeit, das passende Produkt f\u00fcr jedes Raumkonzept zu w\u00e4hlen \u2013 sowohl in \u00e4sthetischer als auch in funktionaler Hinsicht\u201c, erkl\u00e4rt <strong data-start=\"2015\" data-end=\"2036\">Mikael Carlsander<\/strong>, Produktmanager f\u00fcr Regio RCX bei Regin Schweden.<\/p>\n<\/blockquote>\n<p>[\/et_pb_text][\/et_pb_column][et_pb_column _builder_version=&#8220;4.27.4&#8243; _module_preset=&#8220;default&#8220; type=&#8220;2_5&#8243; theme_builder_area=&#8220;post_content&#8220;][et_pb_image src=&#8220;https:\/\/deos-ag.com\/wp-content\/uploads\/deos-ag-rcx-rcx_black.png&#8220; _builder_version=&#8220;4.27.4&#8243; _module_preset=&#8220;default&#8220; theme_builder_area=&#8220;post_content&#8220; title_text=&#8220;deos ag rcx rcx black&#8220; hover_enabled=&#8220;0&#8243; sticky_enabled=&#8220;0&#8243;][\/et_pb_image][\/et_pb_column][\/et_pb_row][\/et_pb_section][et_pb_section fb_built=&#8220;1&#8243; theme_builder_area=&#8220;post_content&#8220; _builder_version=&#8220;4.27.4&#8243; _module_preset=&#8220;default&#8220;][et_pb_row _builder_version=&#8220;4.27.4&#8243; _module_preset=&#8220;default&#8220; theme_builder_area=&#8220;post_content&#8220; column_structure=&#8220;1_2,1_2&#8243;][et_pb_column _builder_version=&#8220;4.27.4&#8243; _module_preset=&#8220;default&#8220; type=&#8220;1_2&#8243; theme_builder_area=&#8220;post_content&#8220;][et_pb_text _builder_version=&#8220;4.27.4&#8243; _module_preset=&#8220;default&#8220; theme_builder_area=&#8220;post_content&#8220; hover_enabled=&#8220;0&#8243; sticky_enabled=&#8220;0&#8243;]<\/p>\n<h3><b>Funktionen und neue Varianten<\/b><\/h3>\n<p>Der Raumregler Regio RCX Black ist in drei Varianten erh\u00e4ltlich, alle mit durchscheinendem LED-Bildschirm.<\/p>\n<ul>\n<li><b>RCX-THCVP-D-BLACK<\/b> misst Temperatur, Luftfeuchtigkeit, CO\u2082 (Kohlendioxid), VOC (fl\u00fcchtige organische Verbindungen) und PIR (Bewegung).<\/li>\n<li><b>RCX-T-D-BLACK<\/b> misst die Temperatur.<\/li>\n<li><b>RCX-TC-D-BLACK<\/b> misst Temperatur und CO\u2082.<\/li>\n<\/ul>\n<ul><\/ul>\n<p>[\/et_pb_text][\/et_pb_column][et_pb_column _builder_version=&#8220;4.27.4&#8243; _module_preset=&#8220;default&#8220; type=&#8220;1_2&#8243; theme_builder_area=&#8220;post_content&#8220;][et_pb_text _builder_version=&#8220;4.27.4&#8243; _module_preset=&#8220;default&#8220; theme_builder_area=&#8220;post_content&#8220; hover_enabled=&#8220;0&#8243; sticky_enabled=&#8220;0&#8243;]<\/p>\n<h3><b>Drei neue Varianten f\u00fcr den wei\u00dfen Regio RCX<\/b><\/h3>\n<p>Gleichzeitig werden drei neue Varianten f\u00fcr den wei\u00dfen Regio RCX auf den Markt gebracht. Sie wurden entwickelt, um Kunden, die eine flexible Raumsteuerung integrieren m\u00f6chten, mehr Optionen zu bieten.<\/p>\n<ul>\n<li><b>RCX-TP-D<\/b> misst Temperatur und PIR und verf\u00fcgt \u00fcber ein Display.<\/li>\n<li><b>RCX-TP<\/b> misst Temperatur und PIR, verf\u00fcgt jedoch nicht \u00fcber ein Display.<\/li>\n<li><b>RCX-TCP-D<\/b> misst Temperatur, CO\u2082 und PIR und verf\u00fcgt \u00fcber ein Display.<\/li>\n<\/ul>\n<p>[\/et_pb_text][\/et_pb_column][\/et_pb_row][\/et_pb_section]<\/p>\n","protected":false},"excerpt":{"rendered":"<p>Regio RCX \u2013 jetzt auch in Schwarz erh\u00e4ltlich<br \/>\nSeit seiner Markteinf\u00fchrung im Jahr 2024 hat der Raumregler Regio RCX von Regin aufgrund seines Designs und seiner Funktionalit\u00e4t viel Aufmerksamkeit auf sich gezogen. In diesem Fr\u00fchjahr wurde er mit dem Red Dot Design Award f\u00fcr das beste Produktdesign ausgezeichnet. <\/p>\n","protected":false},"featured_media":74730,"menu_order":0,"template":"","meta":{"_acf_changed":false,"_et_pb_use_builder":"on","_et_pb_old_content":"","_et_gb_content_width":"","footnotes":""},"news-kategorien":[],"class_list":["post-74728","news","type-news","status-publish","has-post-thumbnail","hentry"],"acf":[],"yoast_head":"<!-- This site is optimized with the Yoast SEO plugin v27.9 - https:\/\/yoast.com\/product\/yoast-seo-wordpress\/ -->\n<title>Regio RCX \u2013 jetzt auch in Schwarz erh\u00e4ltlich - DEOS AG<\/title>\n<meta name=\"robots\" content=\"index, follow, max-snippet:-1, max-image-preview:large, max-video-preview:-1\" \/>\n<link rel=\"canonical\" href=\"https:\/\/www.deos-ag.com\/de\/news\/regio-rcx-jetzt-auch-in-schwarz-erhaeltlich\/\" \/>\n<meta property=\"og:locale\" content=\"de_DE\" \/>\n<meta property=\"og:type\" content=\"article\" \/>\n<meta property=\"og:title\" content=\"Regio RCX \u2013 jetzt auch in Schwarz erh\u00e4ltlich - DEOS AG\" \/>\n<meta property=\"og:description\" content=\"Regio RCX \u2013 jetzt auch in Schwarz erh\u00e4ltlich Seit seiner Markteinf\u00fchrung im Jahr 2024 hat der Raumregler Regio RCX von Regin aufgrund seines Designs und seiner Funktionalit\u00e4t viel Aufmerksamkeit auf sich gezogen. In diesem Fr\u00fchjahr wurde er mit dem Red Dot Design Award f\u00fcr das beste Produktdesign ausgezeichnet.\" \/>\n<meta property=\"og:url\" content=\"https:\/\/www.deos-ag.com\/de\/news\/regio-rcx-jetzt-auch-in-schwarz-erhaeltlich\/\" \/>\n<meta property=\"og:site_name\" content=\"DEOS AG\" \/>\n<meta property=\"og:image\" content=\"https:\/\/www.deos-ag.com\/wp-content\/uploads\/deos-ag-rcx-regio-rcx-white-and-black-e1760364588944.png\" \/>\n\t<meta property=\"og:image:width\" content=\"900\" \/>\n\t<meta property=\"og:image:height\" content=\"420\" \/>\n\t<meta property=\"og:image:type\" content=\"image\/png\" \/>\n<meta name=\"twitter:card\" content=\"summary_large_image\" \/>\n<meta name=\"twitter:label1\" content=\"Gesch\u00e4tzte Lesezeit\" \/>\n\t<meta name=\"twitter:data1\" content=\"2\u00a0Minuten\" \/>\n<script type=\"application\/ld+json\" class=\"yoast-schema-graph\">{\"@context\":\"https:\\\/\\\/schema.org\",\"@graph\":[{\"@type\":\"WebPage\",\"@id\":\"https:\\\/\\\/www.deos-ag.com\\\/de\\\/news\\\/regio-rcx-jetzt-auch-in-schwarz-erhaeltlich\\\/\",\"url\":\"https:\\\/\\\/www.deos-ag.com\\\/de\\\/news\\\/regio-rcx-jetzt-auch-in-schwarz-erhaeltlich\\\/\",\"name\":\"Regio RCX \u2013 jetzt auch in Schwarz erh\u00e4ltlich - DEOS AG\",\"isPartOf\":{\"@id\":\"https:\\\/\\\/www.deos-ag.com\\\/de\\\/#website\"},\"primaryImageOfPage\":{\"@id\":\"https:\\\/\\\/www.deos-ag.com\\\/de\\\/news\\\/regio-rcx-jetzt-auch-in-schwarz-erhaeltlich\\\/#primaryimage\"},\"image\":{\"@id\":\"https:\\\/\\\/www.deos-ag.com\\\/de\\\/news\\\/regio-rcx-jetzt-auch-in-schwarz-erhaeltlich\\\/#primaryimage\"},\"thumbnailUrl\":\"https:\\\/\\\/www.deos-ag.com\\\/wp-content\\\/uploads\\\/deos-ag-rcx-regio-rcx-white-and-black-e1760364588944.png\",\"datePublished\":\"2025-10-13T14:19:07+00:00\",\"breadcrumb\":{\"@id\":\"https:\\\/\\\/www.deos-ag.com\\\/de\\\/news\\\/regio-rcx-jetzt-auch-in-schwarz-erhaeltlich\\\/#breadcrumb\"},\"inLanguage\":\"de\",\"potentialAction\":[{\"@type\":\"ReadAction\",\"target\":[\"https:\\\/\\\/www.deos-ag.com\\\/de\\\/news\\\/regio-rcx-jetzt-auch-in-schwarz-erhaeltlich\\\/\"]}]},{\"@type\":\"ImageObject\",\"inLanguage\":\"de\",\"@id\":\"https:\\\/\\\/www.deos-ag.com\\\/de\\\/news\\\/regio-rcx-jetzt-auch-in-schwarz-erhaeltlich\\\/#primaryimage\",\"url\":\"https:\\\/\\\/www.deos-ag.com\\\/wp-content\\\/uploads\\\/deos-ag-rcx-regio-rcx-white-and-black-e1760364588944.png\",\"contentUrl\":\"https:\\\/\\\/www.deos-ag.com\\\/wp-content\\\/uploads\\\/deos-ag-rcx-regio-rcx-white-and-black-e1760364588944.png\",\"width\":900,\"height\":420},{\"@type\":\"BreadcrumbList\",\"@id\":\"https:\\\/\\\/www.deos-ag.com\\\/de\\\/news\\\/regio-rcx-jetzt-auch-in-schwarz-erhaeltlich\\\/#breadcrumb\",\"itemListElement\":[{\"@type\":\"ListItem\",\"position\":1,\"name\":\"News\",\"item\":\"https:\\\/\\\/www.deos-ag.com\\\/de\\\/news\\\/\"},{\"@type\":\"ListItem\",\"position\":2,\"name\":\"Regio RCX \u2013 jetzt auch in Schwarz erh\u00e4ltlich\"}]},{\"@type\":\"WebSite\",\"@id\":\"https:\\\/\\\/www.deos-ag.com\\\/de\\\/#website\",\"url\":\"https:\\\/\\\/www.deos-ag.com\\\/de\\\/\",\"name\":\"DEOS AG\",\"description\":\"\",\"publisher\":{\"@id\":\"https:\\\/\\\/www.deos-ag.com\\\/de\\\/#organization\"},\"potentialAction\":[{\"@type\":\"SearchAction\",\"target\":{\"@type\":\"EntryPoint\",\"urlTemplate\":\"https:\\\/\\\/www.deos-ag.com\\\/de\\\/?s={search_term_string}\"},\"query-input\":{\"@type\":\"PropertyValueSpecification\",\"valueRequired\":true,\"valueName\":\"search_term_string\"}}],\"inLanguage\":\"de\"},{\"@type\":\"Organization\",\"@id\":\"https:\\\/\\\/www.deos-ag.com\\\/de\\\/#organization\",\"name\":\"DEOS AG\",\"alternateName\":\"DEOS\",\"url\":\"https:\\\/\\\/www.deos-ag.com\\\/de\\\/\",\"logo\":{\"@type\":\"ImageObject\",\"inLanguage\":\"de\",\"@id\":\"https:\\\/\\\/www.deos-ag.com\\\/de\\\/#\\\/schema\\\/logo\\\/image\\\/\",\"url\":\"https:\\\/\\\/deos-ag.com\\\/wp-content\\\/uploads\\\/2022\\\/12\\\/logo.svg\",\"contentUrl\":\"https:\\\/\\\/deos-ag.com\\\/wp-content\\\/uploads\\\/2022\\\/12\\\/logo.svg\",\"width\":1,\"height\":1,\"caption\":\"DEOS AG\"},\"image\":{\"@id\":\"https:\\\/\\\/www.deos-ag.com\\\/de\\\/#\\\/schema\\\/logo\\\/image\\\/\"},\"sameAs\":[\"https:\\\/\\\/www.xing.com\\\/companies\\\/deosag\",\"https:\\\/\\\/de.linkedin.com\\\/company\\\/deos-ag\",\"https:\\\/\\\/www.youtube.com\\\/user\\\/DEOSAG\"]}]}<\/script>\n<!-- \/ Yoast SEO plugin. -->","yoast_head_json":{"title":"Regio RCX \u2013 jetzt auch in Schwarz erh\u00e4ltlich - DEOS AG","robots":{"index":"index","follow":"follow","max-snippet":"max-snippet:-1","max-image-preview":"max-image-preview:large","max-video-preview":"max-video-preview:-1"},"canonical":"https:\/\/www.deos-ag.com\/de\/news\/regio-rcx-jetzt-auch-in-schwarz-erhaeltlich\/","og_locale":"de_DE","og_type":"article","og_title":"Regio RCX \u2013 jetzt auch in Schwarz erh\u00e4ltlich - DEOS AG","og_description":"Regio RCX \u2013 jetzt auch in Schwarz erh\u00e4ltlich Seit seiner Markteinf\u00fchrung im Jahr 2024 hat der Raumregler Regio RCX von Regin aufgrund seines Designs und seiner Funktionalit\u00e4t viel Aufmerksamkeit auf sich gezogen. In diesem Fr\u00fchjahr wurde er mit dem Red Dot Design Award f\u00fcr das beste Produktdesign ausgezeichnet.","og_url":"https:\/\/www.deos-ag.com\/de\/news\/regio-rcx-jetzt-auch-in-schwarz-erhaeltlich\/","og_site_name":"DEOS AG","og_image":[{"width":900,"height":420,"url":"https:\/\/www.deos-ag.com\/wp-content\/uploads\/deos-ag-rcx-regio-rcx-white-and-black-e1760364588944.png","type":"image\/png"}],"twitter_card":"summary_large_image","twitter_misc":{"Gesch\u00e4tzte Lesezeit":"2\u00a0Minuten"},"schema":{"@context":"https:\/\/schema.org","@graph":[{"@type":"WebPage","@id":"https:\/\/www.deos-ag.com\/de\/news\/regio-rcx-jetzt-auch-in-schwarz-erhaeltlich\/","url":"https:\/\/www.deos-ag.com\/de\/news\/regio-rcx-jetzt-auch-in-schwarz-erhaeltlich\/","name":"Regio RCX \u2013 jetzt auch in Schwarz erh\u00e4ltlich - DEOS AG","isPartOf":{"@id":"https:\/\/www.deos-ag.com\/de\/#website"},"primaryImageOfPage":{"@id":"https:\/\/www.deos-ag.com\/de\/news\/regio-rcx-jetzt-auch-in-schwarz-erhaeltlich\/#primaryimage"},"image":{"@id":"https:\/\/www.deos-ag.com\/de\/news\/regio-rcx-jetzt-auch-in-schwarz-erhaeltlich\/#primaryimage"},"thumbnailUrl":"https:\/\/www.deos-ag.com\/wp-content\/uploads\/deos-ag-rcx-regio-rcx-white-and-black-e1760364588944.png","datePublished":"2025-10-13T14:19:07+00:00","breadcrumb":{"@id":"https:\/\/www.deos-ag.com\/de\/news\/regio-rcx-jetzt-auch-in-schwarz-erhaeltlich\/#breadcrumb"},"inLanguage":"de","potentialAction":[{"@type":"ReadAction","target":["https:\/\/www.deos-ag.com\/de\/news\/regio-rcx-jetzt-auch-in-schwarz-erhaeltlich\/"]}]},{"@type":"ImageObject","inLanguage":"de","@id":"https:\/\/www.deos-ag.com\/de\/news\/regio-rcx-jetzt-auch-in-schwarz-erhaeltlich\/#primaryimage","url":"https:\/\/www.deos-ag.com\/wp-content\/uploads\/deos-ag-rcx-regio-rcx-white-and-black-e1760364588944.png","contentUrl":"https:\/\/www.deos-ag.com\/wp-content\/uploads\/deos-ag-rcx-regio-rcx-white-and-black-e1760364588944.png","width":900,"height":420},{"@type":"BreadcrumbList","@id":"https:\/\/www.deos-ag.com\/de\/news\/regio-rcx-jetzt-auch-in-schwarz-erhaeltlich\/#breadcrumb","itemListElement":[{"@type":"ListItem","position":1,"name":"News","item":"https:\/\/www.deos-ag.com\/de\/news\/"},{"@type":"ListItem","position":2,"name":"Regio RCX \u2013 jetzt auch in Schwarz erh\u00e4ltlich"}]},{"@type":"WebSite","@id":"https:\/\/www.deos-ag.com\/de\/#website","url":"https:\/\/www.deos-ag.com\/de\/","name":"DEOS AG","description":"","publisher":{"@id":"https:\/\/www.deos-ag.com\/de\/#organization"},"potentialAction":[{"@type":"SearchAction","target":{"@type":"EntryPoint","urlTemplate":"https:\/\/www.deos-ag.com\/de\/?s={search_term_string}"},"query-input":{"@type":"PropertyValueSpecification","valueRequired":true,"valueName":"search_term_string"}}],"inLanguage":"de"},{"@type":"Organization","@id":"https:\/\/www.deos-ag.com\/de\/#organization","name":"DEOS AG","alternateName":"DEOS","url":"https:\/\/www.deos-ag.com\/de\/","logo":{"@type":"ImageObject","inLanguage":"de","@id":"https:\/\/www.deos-ag.com\/de\/#\/schema\/logo\/image\/","url":"https:\/\/deos-ag.com\/wp-content\/uploads\/2022\/12\/logo.svg","contentUrl":"https:\/\/deos-ag.com\/wp-content\/uploads\/2022\/12\/logo.svg","width":1,"height":1,"caption":"DEOS AG"},"image":{"@id":"https:\/\/www.deos-ag.com\/de\/#\/schema\/logo\/image\/"},"sameAs":["https:\/\/www.xing.com\/companies\/deosag","https:\/\/de.linkedin.com\/company\/deos-ag","https:\/\/www.youtube.com\/user\/DEOSAG"]}]}},"_links":{"self":[{"href":"https:\/\/www.deos-ag.com\/de\/wp-json\/wp\/v2\/news\/74728","targetHints":{"allow":["GET"]}}],"collection":[{"href":"https:\/\/www.deos-ag.com\/de\/wp-json\/wp\/v2\/news"}],"about":[{"href":"https:\/\/www.deos-ag.com\/de\/wp-json\/wp\/v2\/types\/news"}],"version-history":[{"count":0,"href":"https:\/\/www.deos-ag.com\/de\/wp-json\/wp\/v2\/news\/74728\/revisions"}],"wp:featuredmedia":[{"embeddable":true,"href":"https:\/\/www.deos-ag.com\/de\/wp-json\/wp\/v2\/media\/74730"}],"wp:attachment":[{"href":"https:\/\/www.deos-ag.com\/de\/wp-json\/wp\/v2\/media?parent=74728"}],"wp:term":[{"taxonomy":"news-kategorien","embeddable":true,"href":"https:\/\/www.deos-ag.com\/de\/wp-json\/wp\/v2\/news-kategorien?post=74728"}],"curies":[{"name":"wp","href":"https:\/\/api.w.org\/{rel}","templated":true}]}}